{"id":1871,"date":"2024-03-01T16:50:43","date_gmt":"2024-03-01T16:50:43","guid":{"rendered":"https:\/\/clinecenters.org\/te-preocupa-la-legalidad-del-aborto\/"},"modified":"2025-10-29T13:55:51","modified_gmt":"2025-10-29T13:55:51","slug":"te-preocupa-la-legalidad-del-aborto","status":"publish","type":"post","link":"https:\/\/clinecenters.org\/es\/te-preocupa-la-legalidad-del-aborto\/","title":{"rendered":"\u00bfTe preocupa la legalidad del aborto?"},"content":{"rendered":"<p>Acabas de enterarte de que est\u00e1s embarazada y est\u00e1s considerando la posibilidad de abortar.<\/p>\n<p>En el \u00faltimo a\u00f1o, sin embargo, has o\u00eddo hablar mucho de la anulaci\u00f3n de Roe contra Wade, del derecho al aborto y de si el aborto es legal o no donde t\u00fa est\u00e1s. Has o\u00eddo que en algunos estados el aborto es totalmente legal, en otros es legal hasta cierto punto del embarazo, y has o\u00eddo hablar de comprar p\u00edldoras abortivas por Internet. <\/p>\n<p>Toda esta informaci\u00f3n y confusi\u00f3n pueden volver a inundarte en cuanto recibas ese test positivo, y puedes sentirte congelada por la ansiedad.<\/p>\n<p>Es dif\u00edcil tener claro todo lo que has o\u00eddo, distinguir entre la verdad y la desinformaci\u00f3n, y es dif\u00edcil saber d\u00f3nde acudir para obtener informaci\u00f3n fiable y segura sobre tu embarazo no planificado.<\/p>\n<h1><strong>Lo entendemos:  <\/strong><\/h1>\n<p>En el Centro Cline comprendemos perfectamente que todo esto pueda resultar abrumador. Sabemos algunas cosas que puedes estar pensando y sintiendo. <\/p>\n<p><strong><em>\u00bfC\u00f3mo encuentro la informaci\u00f3n correcta? \u00bfPuedo buscarla en Google? \u00bfLo que veo es la informaci\u00f3n adecuada para m\u00ed? \u00bfTendr\u00e9 problemas con la ley incluso por buscar en Google la palabra \u00ababorto\u00bb?   <\/em><\/strong><\/p>\n<p><strong><em>\u00bfTendr\u00eda problemas por buscar asistencia o asesoramiento sobre el aborto en Internet? \u00bfTienen que enviar mi informaci\u00f3n a las autoridades legales, independientemente de su postura sobre el aborto? \u00bfSe puede confiar en alguna cl\u00ednica? \u00bfPuedo tomar estas p\u00edldoras sola o necesito apoyo m\u00e9dico profesional? \u00bfHay efectos secundarios o complicaciones? \u00bfQu\u00e9 ocurre si tengo complicaciones? \u00bfQu\u00e9 le har\u00e1 a mi cuerpo tomar p\u00edldoras abortivas? \u00bfQu\u00e9 sentir\u00e9 al tomar p\u00edldoras abortivas? \u00bfSe resentir\u00e1 mi salud mental?        <\/em><\/strong><\/p>\n<h1><strong>Estamos aqu\u00ed por ti:  <\/strong><\/h1>\n<p>El Centro Cline es un recurso local para ti, que te ofrece informaci\u00f3n veraz y apoyo personalizado para tu embarazo no planificado.<\/p>\n<p>Nuestros servicios son 100% confidenciales y libres de juicios. En el Centro Cline creemos que todas las mujeres merecen el derecho a una informaci\u00f3n precisa y veraz. Creemos en la educaci\u00f3n integral sobre el aborto para capacitarte a ti y a tu elecci\u00f3n.  <\/p>\n<p>Nuestros servicios incluyen atenci\u00f3n sanitaria reproductiva, como una prueba de embarazo de laboratorio y una ecograf\u00eda limitada, defensa, una consulta m\u00e9dica privada y opciones de apoyo + recursos para ti.<\/p>\n<p>En cuanto extiendas la mano, alguien estar\u00e1 ah\u00ed para escucharte sin juzgarte y ayudarte a encontrar la forma de seguir adelante.<\/p>\n<p style=\"text-align: center;\"><strong><em>*** Ten en cuenta que ofrecemos educaci\u00f3n integral sobre el aborto para capacitarte a ti y a tu elecci\u00f3n, no derivamos para procedimientos de aborto ni los realizamos. ***<\/em><\/strong><\/p>\n<p>&nbsp;<\/p>\n<p>&nbsp;<\/p>\n<p>&nbsp;<\/p>\n","protected":false},"excerpt":{"rendered":"<p>Acabas de enterarte de que est\u00e1s embarazada y est\u00e1s considerando la posibilidad de abortar. En el \u00faltimo a\u00f1o, sin embargo, has o\u00eddo hablar mucho de la anulaci\u00f3n de Roe contra Wade, del derecho al aborto y de si el aborto es legal o no donde t\u00fa est\u00e1s. Has o\u00eddo que en algunos estados el aborto<\/p>\n","protected":false},"author":7,"featured_media":1873,"comment_status":"closed","ping_status":"open","sticky":false,"template":"","format":"standard","meta":{"_acf_changed":false,"footnotes":""},"categories":[139],"tags":[],"class_list":["post-1871","post","type-post","status-publish","format-standard","has-post-thumbnail","hentry","category-general"],"acf":[],"yoast_head":"<!-- This site is optimized with the Yoast SEO plugin v27.5 - https:\/\/yoast.com\/product\/yoast-seo-wordpress\/ -->\n<title>\u00bfTe preocupa la legalidad del aborto? | The Cline Center | Jackson, MS<\/title>\n<meta name=\"description\" content=\"Acabas de descubrir que est\u00e1s embarazada. Es dif\u00edcil saber d\u00f3nde acudir para obtener informaci\u00f3n fiable y segura sobre tu embarazo no planificado.\" \/>\n<meta name=\"robots\" content=\"index, follow, max-snippet:-1, max-image-preview:large, max-video-preview:-1\" \/>\n<link rel=\"canonical\" href=\"https:\/\/clinecenters.org\/es\/te-preocupa-la-legalidad-del-aborto\/\" \/>\n<meta property=\"og:locale\" content=\"es_ES\" \/>\n<meta property=\"og:type\" content=\"article\" \/>\n<meta property=\"og:title\" content=\"\u00bfTe preocupa la legalidad del aborto? | The Cline Center | Jackson, MS\" \/>\n<meta property=\"og:description\" content=\"Acabas de descubrir que est\u00e1s embarazada. Es dif\u00edcil saber d\u00f3nde acudir para obtener informaci\u00f3n fiable y segura sobre tu embarazo no planificado.\" \/>\n<meta property=\"og:url\" content=\"https:\/\/clinecenters.org\/es\/te-preocupa-la-legalidad-del-aborto\/\" \/>\n<meta property=\"og:site_name\" content=\"The Cline Center\" \/>\n<meta property=\"article:published_time\" content=\"2024-03-01T16:50:43+00:00\" \/>\n<meta property=\"article:modified_time\" content=\"2025-10-29T13:55:51+00:00\" \/>\n<meta property=\"og:image\" content=\"https:\/\/clinecenters.org\/wp-content\/uploads\/2024\/01\/pexels-tima-miroshnichenko-6337114-scaled-1.jpg\" \/>\n\t<meta property=\"og:image:width\" content=\"2560\" \/>\n\t<meta property=\"og:image:height\" content=\"1707\" \/>\n\t<meta property=\"og:image:type\" content=\"image\/jpeg\" \/>\n<meta name=\"author\" content=\"Cline Center\" \/>\n<meta name=\"twitter:card\" content=\"summary_large_image\" \/>\n<meta name=\"twitter:label1\" content=\"Escrito por\" \/>\n\t<meta name=\"twitter:data1\" content=\"Cline Center\" \/>\n\t<meta name=\"twitter:label2\" content=\"Tiempo de lectura\" \/>\n\t<meta name=\"twitter:data2\" content=\"2 minutos\" \/>\n<!-- \/ Yoast SEO plugin. -->","yoast_head_json":{"title":"\u00bfTe preocupa la legalidad del aborto? | The Cline Center | Jackson, MS","description":"Acabas de descubrir que est\u00e1s embarazada. Es dif\u00edcil saber d\u00f3nde acudir para obtener informaci\u00f3n fiable y segura sobre tu embarazo no planificado.","robots":{"index":"index","follow":"follow","max-snippet":"max-snippet:-1","max-image-preview":"max-image-preview:large","max-video-preview":"max-video-preview:-1"},"canonical":"https:\/\/clinecenters.org\/es\/te-preocupa-la-legalidad-del-aborto\/","og_locale":"es_ES","og_type":"article","og_title":"\u00bfTe preocupa la legalidad del aborto? | The Cline Center | Jackson, MS","og_description":"Acabas de descubrir que est\u00e1s embarazada. Es dif\u00edcil saber d\u00f3nde acudir para obtener informaci\u00f3n fiable y segura sobre tu embarazo no planificado.","og_url":"https:\/\/clinecenters.org\/es\/te-preocupa-la-legalidad-del-aborto\/","og_site_name":"The Cline Center","article_published_time":"2024-03-01T16:50:43+00:00","article_modified_time":"2025-10-29T13:55:51+00:00","og_image":[{"width":2560,"height":1707,"url":"https:\/\/clinecenters.org\/wp-content\/uploads\/2024\/01\/pexels-tima-miroshnichenko-6337114-scaled-1.jpg","type":"image\/jpeg"}],"author":"Cline Center","twitter_card":"summary_large_image","twitter_misc":{"Escrito por":"Cline Center","Tiempo de lectura":"2 minutos"},"schema":{"@context":"https:\/\/schema.org","@graph":[{"@type":"Article","@id":"https:\/\/clinecenters.org\/es\/te-preocupa-la-legalidad-del-aborto\/#article","isPartOf":{"@id":"https:\/\/clinecenters.org\/es\/te-preocupa-la-legalidad-del-aborto\/"},"author":{"name":"Cline Center","@id":"https:\/\/clinecenters.org\/es\/#\/schema\/person\/443a0f18d56ccb542374d0ca77f63d13"},"headline":"\u00bfTe preocupa la legalidad del aborto?","datePublished":"2024-03-01T16:50:43+00:00","dateModified":"2025-10-29T13:55:51+00:00","mainEntityOfPage":{"@id":"https:\/\/clinecenters.org\/es\/te-preocupa-la-legalidad-del-aborto\/"},"wordCount":450,"image":{"@id":"https:\/\/clinecenters.org\/es\/te-preocupa-la-legalidad-del-aborto\/#primaryimage"},"thumbnailUrl":"https:\/\/clinecenters.org\/wp-content\/uploads\/2024\/01\/pexels-tima-miroshnichenko-6337114-scaled-1.jpg","articleSection":["General"],"inLanguage":"es"},{"@type":"WebPage","@id":"https:\/\/clinecenters.org\/es\/te-preocupa-la-legalidad-del-aborto\/","url":"https:\/\/clinecenters.org\/es\/te-preocupa-la-legalidad-del-aborto\/","name":"\u00bfTe preocupa la legalidad del aborto? | The Cline Center | Jackson, MS","isPartOf":{"@id":"https:\/\/clinecenters.org\/es\/#website"},"primaryImageOfPage":{"@id":"https:\/\/clinecenters.org\/es\/te-preocupa-la-legalidad-del-aborto\/#primaryimage"},"image":{"@id":"https:\/\/clinecenters.org\/es\/te-preocupa-la-legalidad-del-aborto\/#primaryimage"},"thumbnailUrl":"https:\/\/clinecenters.org\/wp-content\/uploads\/2024\/01\/pexels-tima-miroshnichenko-6337114-scaled-1.jpg","datePublished":"2024-03-01T16:50:43+00:00","dateModified":"2025-10-29T13:55:51+00:00","author":{"@id":"https:\/\/clinecenters.org\/es\/#\/schema\/person\/443a0f18d56ccb542374d0ca77f63d13"},"description":"Acabas de descubrir que est\u00e1s embarazada. Es dif\u00edcil saber d\u00f3nde acudir para obtener informaci\u00f3n fiable y segura sobre tu embarazo no planificado.","breadcrumb":{"@id":"https:\/\/clinecenters.org\/es\/te-preocupa-la-legalidad-del-aborto\/#breadcrumb"},"inLanguage":"es","potentialAction":[{"@type":"ReadAction","target":["https:\/\/clinecenters.org\/es\/te-preocupa-la-legalidad-del-aborto\/"]}]},{"@type":"ImageObject","inLanguage":"es","@id":"https:\/\/clinecenters.org\/es\/te-preocupa-la-legalidad-del-aborto\/#primaryimage","url":"https:\/\/clinecenters.org\/wp-content\/uploads\/2024\/01\/pexels-tima-miroshnichenko-6337114-scaled-1.jpg","contentUrl":"https:\/\/clinecenters.org\/wp-content\/uploads\/2024\/01\/pexels-tima-miroshnichenko-6337114-scaled-1.jpg","width":2560,"height":1707},{"@type":"BreadcrumbList","@id":"https:\/\/clinecenters.org\/es\/te-preocupa-la-legalidad-del-aborto\/#breadcrumb","itemListElement":[{"@type":"ListItem","position":1,"name":"Home","item":"https:\/\/clinecenters.org\/es\/inicio\/"},{"@type":"ListItem","position":2,"name":"\u00bfTe preocupa la legalidad del aborto?"}]},{"@type":"WebSite","@id":"https:\/\/clinecenters.org\/es\/#website","url":"https:\/\/clinecenters.org\/es\/","name":"The Cline Center","description":"","potentialAction":[{"@type":"SearchAction","target":{"@type":"EntryPoint","urlTemplate":"https:\/\/clinecenters.org\/es\/?s={search_term_string}"},"query-input":{"@type":"PropertyValueSpecification","valueRequired":true,"valueName":"search_term_string"}}],"inLanguage":"es"},{"@type":"Person","@id":"https:\/\/clinecenters.org\/es\/#\/schema\/person\/443a0f18d56ccb542374d0ca77f63d13","name":"Cline Center","image":{"@type":"ImageObject","inLanguage":"es","@id":"https:\/\/secure.gravatar.com\/avatar\/1b8aac36fa8fb11c6d4bd63a8fa024f4235cf06f276ab46dbb31ee1ec30f7aa1?s=96&d=mm&r=g","url":"https:\/\/secure.gravatar.com\/avatar\/1b8aac36fa8fb11c6d4bd63a8fa024f4235cf06f276ab46dbb31ee1ec30f7aa1?s=96&d=mm&r=g","contentUrl":"https:\/\/secure.gravatar.com\/avatar\/1b8aac36fa8fb11c6d4bd63a8fa024f4235cf06f276ab46dbb31ee1ec30f7aa1?s=96&d=mm&r=g","caption":"Cline Center"},"url":"https:\/\/clinecenters.org\/es\/author\/clinecenter\/"}]}},"_links":{"self":[{"href":"https:\/\/clinecenters.org\/es\/wp-json\/wp\/v2\/posts\/1871","targetHints":{"allow":["GET"]}}],"collection":[{"href":"https:\/\/clinecenters.org\/es\/wp-json\/wp\/v2\/posts"}],"about":[{"href":"https:\/\/clinecenters.org\/es\/wp-json\/wp\/v2\/types\/post"}],"author":[{"embeddable":true,"href":"https:\/\/clinecenters.org\/es\/wp-json\/wp\/v2\/users\/7"}],"replies":[{"embeddable":true,"href":"https:\/\/clinecenters.org\/es\/wp-json\/wp\/v2\/comments?post=1871"}],"version-history":[{"count":1,"href":"https:\/\/clinecenters.org\/es\/wp-json\/wp\/v2\/posts\/1871\/revisions"}],"predecessor-version":[{"id":1964,"href":"https:\/\/clinecenters.org\/es\/wp-json\/wp\/v2\/posts\/1871\/revisions\/1964"}],"wp:featuredmedia":[{"embeddable":true,"href":"https:\/\/clinecenters.org\/es\/wp-json\/wp\/v2\/media\/1873"}],"wp:attachment":[{"href":"https:\/\/clinecenters.org\/es\/wp-json\/wp\/v2\/media?parent=1871"}],"wp:term":[{"taxonomy":"category","embeddable":true,"href":"https:\/\/clinecenters.org\/es\/wp-json\/wp\/v2\/categories?post=1871"},{"taxonomy":"post_tag","embeddable":true,"href":"https:\/\/clinecenters.org\/es\/wp-json\/wp\/v2\/tags?post=1871"}],"curies":[{"name":"wp","href":"https:\/\/api.w.org\/{rel}","templated":true}]}}